{"id":34212,"date":"2021-12-09T14:31:53","date_gmt":"2021-12-09T17:31:53","guid":{"rendered":"https:\/\/cimedremedios.com.br\/?p=34212"},"modified":"2021-12-09T14:32:18","modified_gmt":"2021-12-09T17:32:18","slug":"farmaceutica-com-fabrica-em-minas-gerais-levara-virus-covid-para-o-espaco","status":"publish","type":"post","link":"https:\/\/cimedremedios.com.br\/es\/noticias\/institucional\/farmaceutica-com-fabrica-em-minas-gerais-levara-virus-covid-para-o-espaco\/","title":{"rendered":"(Portugu\u00eas) Farmac\u00eautica com f\u00e1brica em Minas Gerais levar\u00e1 v\u00edrus COVID para o espa\u00e7o"},"content":{"rendered":"","protected":false},"excerpt":{"rendered":"","protected":false},"author":9,"featured_media":33966,"comment_status":"open","ping_status":"closed","sticky":false,"template":"","format":"standard","meta":[],"categories":[8,11],"tags":[],"acf":[],"_links":{"self":[{"href":"https:\/\/cimedremedios.com.br\/es\/wp-json\/wp\/v2\/posts\/34212"}],"collection":[{"href":"https:\/\/cimedremedios.com.br\/es\/wp-json\/wp\/v2\/posts"}],"about":[{"href":"https:\/\/cimedremedios.com.br\/es\/wp-json\/wp\/v2\/types\/post"}],"author":[{"embeddable":true,"href":"https:\/\/cimedremedios.com.br\/es\/wp-json\/wp\/v2\/users\/9"}],"replies":[{"embeddable":true,"href":"https:\/\/cimedremedios.com.br\/es\/wp-json\/wp\/v2\/comments?post=34212"}],"version-history":[{"count":1,"href":"https:\/\/cimedremedios.com.br\/es\/wp-json\/wp\/v2\/posts\/34212\/revisions"}],"predecessor-version":[{"id":34222,"href":"https:\/\/cimedremedios.com.br\/es\/wp-json\/wp\/v2\/posts\/34212\/revisions\/34222"}],"wp:featuredmedia":[{"embeddable":true,"href":"https:\/\/cimedremedios.com.br\/es\/wp-json\/wp\/v2\/media\/33966"}],"wp:attachment":[{"href":"https:\/\/cimedremedios.com.br\/es\/wp-json\/wp\/v2\/media?parent=34212"}],"wp:term":[{"taxonomy":"category","embeddable":true,"href":"https:\/\/cimedremedios.com.br\/es\/wp-json\/wp\/v2\/categories?post=34212"},{"taxonomy":"post_tag","embeddable":true,"href":"https:\/\/cimedremedios.com.br\/es\/wp-json\/wp\/v2\/tags?post=34212"}],"curies":[{"name":"wp","href":"https:\/\/api.w.org\/{rel}","templated":true}]}}